{"id":396,"date":"2026-09-01T09:34:00","date_gmt":"2026-09-01T07:34:00","guid":{"rendered":"https:\/\/associaciolespona.cat\/reble\/?p=396"},"modified":"2026-08-11T09:42:10","modified_gmt":"2026-08-11T07:42:10","slug":"un-honor-i-un-orgull","status":"publish","type":"post","link":"https:\/\/associaciolespona.cat\/reble\/un-honor-i-un-orgull\/","title":{"rendered":"Un honor i un orgull"},"content":{"rendered":"\n<p>El passat 18 de juliol es va celebrar l\u2019assemblea general anual de L\u2019Espona. Un dels punts de l\u2019ordre del dia va ser el del canvi de Junta, en el qual es va esmentar el meu nom com a persona que deixava de ser-ne membre. En aquell moment, com un flaix, em van vindre a gran velocitat, les fites assolides per l\u2019associaci\u00f3, a les quals, de manera m\u00e9s gran o m\u00e9s petita, vaig aportar el meu gra de sorra. I, tamb\u00e9, de l\u2019honor que ha significat ser membre de la Junta des de la data fundacional, cap a l\u2019any 2000. Vint-i-sis anys exercint-hi diferents c\u00e0rrecs: vocal, secretari, vicepresident i president (dos vegades).<\/p>\n\n\n\n<p>S\u00ed, considero que \u00e9s un gran honor haver format part d\u2019un grup de gent inquieta que ha volgut posar en valor el fet de viure o b\u00e9 de tindre vinculaci\u00f3 amb La Palma, i mostrar a tothom la riquesa cultural del nostre poble. I faig servir l\u2019adjectiu <em>cultural<\/em> en el seu vessant m\u00e9s ampli en el qual s\u2019hi inclouen tradicions, costums, maneres de treballar, per\u00f2 tamb\u00e9 la hist\u00f2ria, la ling\u00fc\u00edstica o el medi natural. Crec que l\u2019objectiu de difondre i, sobretot, debatre, sobre q\u00fcestions a les quals abans no se\u2019ls donava import\u00e0ncia, havien estat amagades o b\u00e9, simplement, no se\u2019n volia parlar, s\u2019ha aconseguit en gran mesura.<\/p>\n\n\n\n<p>Han estat anys de gran \u00e8xit participatiu. Especialment, els primers anys, les festes del batre, de la carbonera, de la ind\u00fastria tradicional van ser molt participatives. Potser era perqu\u00e8 feia poc que hav\u00edem nascut i, ja se sap, que la novetat sempre crida, o b\u00e9 perqu\u00e8 com a part dels actes vam organitzar \u00e0pats amb plats tradicionals, per\u00f2 el cert \u00e9s que l\u2019\u00e8xit va ser absolut. Despr\u00e9s, quan es va decidir canviar l\u2019orientaci\u00f3 dels actes i fer-los m\u00e9s modestos, la fidelitat de la gent va continuar, com ara l\u2019itinerari hist\u00f2ric pel nucli urb\u00e0 o b\u00e9 els itineraris pel bosc de ribera o pel sec\u00e0. Una fidelitat que ha continuat fins ara, amb una activitat que s\u2019ha mantingut al llarg de tots aquests anys: les xarrades a la fresca que, en general, sempre han tractat temes molt interessants i han estat d\u2019un nivell for\u00e7a alt.<\/p>\n\n\n\n<p>I qu\u00e8 dir de les publicacions: llibres, opuscles.., en les quals per a mi ha estat un plaer, un honor i, tamb\u00e9, un orgull participar-hi d\u2019alguna manera o d\u2019una altra: des de redactar textos, fins a assumir tasques d\u2019edici\u00f3. Tot aquesta producci\u00f3 bibliogr\u00e0fica, que havia estat aturada els darrers anys, per\u00f2 que s\u2019ha tornat a activar amb el llibre <em>25 anys posant Reble<\/em>, \u00e9s un patrimoni que \u00e9s a la disposici\u00f3 del poble i de tothom que el vulgui con\u00e8ixer.<\/p>\n\n\n\n<p>Precisament, aquest darrera publicaci\u00f3 \u00e9s una recopilaci\u00f3 dels editorials i dels articles del <em>Reble<\/em>, el butllet\u00ed informatiu per als socis en paper (2001-2018) i de les entrades del blog digital <em>Reble 2.0<\/em> que, des de 2019, ha esdevingut el canal de comunicaci\u00f3 amb els socis. He de dir que he aportat articles tant en format paper com en format digital, per\u00f2 del que estic m\u00e9s satisfet com a col\u00b7laborador del <em>Reble<\/em> s\u00f3n els editorials que vaig redactar-hi durant una bona temporada, cosa que no era gens f\u00e0cil, ja que havien de mostrar el pensament de tota la Junta sobre temes de l\u2019actualitat (local, catalana o mundial). No cal dir que tamb\u00e9 em sento honorat i orgull\u00f3s en aquest sentit.<\/p>\n\n\n\n<p>Si hagu\u00e9s d\u2019indicar els dos moments \u00e0lgids de l\u2019Espona durant tots aquests anys, n\u2019assenyalaria dos: la carbonera i la publicaci\u00f3 del llibre commemoratiu del centenari de la cooperativa (<em>Lo Sindicat de la Palma<\/em>).<\/p>\n\n\n\n<p>La carbonera va ser una activitat que log\u00edsticament va ser molt complexa, per\u00f2 va reeixir de manera absolutament satisfact\u00f2ria. Per\u00f2, a m\u00e9s, va donar a L\u2019Espona una difusi\u00f3 m\u00e9s enll\u00e0 de l\u2019\u00e0mbit que li era m\u00e9s propi (el local o el comarcal): l\u2019ambit catal\u00e0, gr\u00e0cies a TV3, que va a vindre a fer un reportatge de l\u2019acte i va mostrar el que f\u00e8iem a tot el Principat.<\/p>\n\n\n\n<p>La publicaci\u00f3 de <em>Lo Sindicat de la Palma<\/em> va significar un moment de col\u00b7laboraci\u00f3 amb la Cooperativa, que estava a punt de celebrar-ne el centenari. No es va plantejar un llibre commemoratiu est\u00e0ndard, sin\u00f3 que es va plantejar com un llibre amb el m\u00e0xim rigor pel que fa al context hist\u00f2ric dels esdeveniments d\u2019aquells cents anys. Josep Llu\u00eds Filella, soci de l\u2019Espona, editor i historiador, va fer una extraordin\u00e0ria tasca com a coordinador del llibre. L\u2019obra que en va resultar \u00e9s de consulta obligada per a qui vulgui con\u00e8ixer la hist\u00f2ria contempor\u00e0nia de la Palma, sota el prisma del Sindicat.<\/p>\n\n\n\n<p>Han estat anys de feina i satisfacci\u00f3, de veure com, despr\u00e9s d\u2019anys d\u2019abandonament i, perqu\u00e8 no dir-ho, d\u2019autocensura, L\u2019Espona ha aconseguit posar en valor les nostres tradicions, la nostra hist\u00f2ria, la nostra manera de parlar, el nostre entorn natural, i tot all\u00f2 amb qu\u00e8 hem tingut relaci\u00f3 i encara en tenim. Per a mi, aix\u00f2 ha estat la fita m\u00e9s gran assolida durant la meua traject\u00f2ria com a membre de la Junta.<\/p>\n\n\n\n<p>Des de fa uns anys, L\u2019Espona est\u00e0 vivint un proc\u00e9s de transformaci\u00f3, del qual la renovaci\u00f3 de la Junta, que ja va comen\u00e7ar l\u2019any passat, n\u2019\u00e9s un aspecte fonamental. Ha arribat el moment de donar el relleu a altres persones que, per darrere dels que en vam ser fundadors, de ben segur aportaran noves idees i noves maneres de fer a la nostra associaci\u00f3. En aquest sentit, crec que ha estat molt important l\u2019entrada dels promotors del documental <em>(Ar)relats<\/em>, persones que estan absolutament compromeses amb la cultura i, en especial, amb la mem\u00f2ria del nostre poble. De ben segur que les seues propostes seran d\u2019all\u00f2 m\u00e9s innovadores.<\/p>\n\n\n\n<p>Per acabar, ara que soc all\u00f2 que se\u2019n diu \u201csoci de base\u201d, vull manifestar que continuo tenint l\u2019honor i segueixo estant orgull\u00f3s de formar part de L\u2019Espona, de fet sempre n\u2019estar\u00e9. La meua feina com a membre de la Junta s\u2019ha acabat, per\u00f2, evidentment, sempre estic obert a col\u00b7laborar i donar un cop de m\u00e0 perqu\u00e8 la nostra entitat tiri endavant. I acabo, ara s\u00ed, donant les gr\u00e0cies per tots aquests anys i desitjant que L\u2019Espona segueixi fent la seua tasca absolutament imprescindible durant molt de temps.<\/p>\n\n\n\n<p>Ricard Sas Filella<\/p>\n","protected":false},"excerpt":{"rendered":"<p>El passat 18 de juliol es va celebrar l\u2019assemblea general anual de L\u2019Espona. Un dels punts de l\u2019ordre del dia va ser el del canvi de Junta, en el qual es va esmentar el meu nom com a persona que deixava de ser-ne membre. En aquell moment, com un flaix, em van vindre a gran&hellip;&nbsp;<a href=\"https:\/\/associaciolespona.cat\/reble\/un-honor-i-un-orgull\/\" class=\"\" rel=\"bookmark\">Read More &raquo;<span class=\"screen-reader-text\">Un honor i un orgull<\/span><\/a><\/p>\n","protected":false},"author":2,"featured_media":397,"comment_status":"open","ping_status":"open","sticky":false,"template":"","format":"standard","meta":{"_themeisle_gutenberg_block_has_review":false,"footnotes":""},"categories":[1],"tags":[],"class_list":["post-396","post","type-post","status-publish","format-standard","has-post-thumbnail","hentry","category-general"],"aioseo_notices":[],"_links":{"self":[{"href":"https:\/\/associaciolespona.cat\/reble\/wp-json\/wp\/v2\/posts\/396"}],"collection":[{"href":"https:\/\/associaciolespona.cat\/reble\/wp-json\/wp\/v2\/posts"}],"about":[{"href":"https:\/\/associaciolespona.cat\/reble\/wp-json\/wp\/v2\/types\/post"}],"author":[{"embeddable":true,"href":"https:\/\/associaciolespona.cat\/reble\/wp-json\/wp\/v2\/users\/2"}],"replies":[{"embeddable":true,"href":"https:\/\/associaciolespona.cat\/reble\/wp-json\/wp\/v2\/comments?post=396"}],"version-history":[{"count":1,"href":"https:\/\/associaciolespona.cat\/reble\/wp-json\/wp\/v2\/posts\/396\/revisions"}],"predecessor-version":[{"id":398,"href":"https:\/\/associaciolespona.cat\/reble\/wp-json\/wp\/v2\/posts\/396\/revisions\/398"}],"wp:featuredmedia":[{"embeddable":true,"href":"https:\/\/associaciolespona.cat\/reble\/wp-json\/wp\/v2\/media\/397"}],"wp:attachment":[{"href":"https:\/\/associaciolespona.cat\/reble\/wp-json\/wp\/v2\/media?parent=396"}],"wp:term":[{"taxonomy":"category","embeddable":true,"href":"https:\/\/associaciolespona.cat\/reble\/wp-json\/wp\/v2\/categories?post=396"},{"taxonomy":"post_tag","embeddable":true,"href":"https:\/\/associaciolespona.cat\/reble\/wp-json\/wp\/v2\/tags?post=396"}],"curies":[{"name":"wp","href":"https:\/\/api.w.org\/{rel}","templated":true}]}}