{"id":321,"date":"2024-09-08T13:07:49","date_gmt":"2024-09-08T11:07:49","guid":{"rendered":"http:\/\/associaciolespona.cat\/reble\/?p=321"},"modified":"2024-09-12T08:39:54","modified_gmt":"2024-09-12T06:39:54","slug":"cent-anys-de-la-fundacio-de-la-societat-daigues-de-la-palma-debre","status":"publish","type":"post","link":"https:\/\/associaciolespona.cat\/reble\/cent-anys-de-la-fundacio-de-la-societat-daigues-de-la-palma-debre\/","title":{"rendered":"Cent anys de la fundaci\u00f3 de la Societat d\u2019Aig\u00fces de la Palma d\u2019Ebre"},"content":{"rendered":"\n<p>La disponibilitat i l\u2019acc\u00e9s a l\u2019aigua ha estat, des de sempre, un element indispensable pel desenvolupament i prosperitat dels pobles. Des de temps antics, les persones que han habitat el nostre territori, se les han enginyat per buscar sistemes que permetessin l\u2019obtenci\u00f3 i l\u2019emmagatzematge de l\u2019aigua.<\/p>\n\n\n\n<p>En la documentaci\u00f3 feudal referent a la Palma trobem, almenys des dels primers anys del segle XV, les primeres refer\u00e8ncies topon\u00edmiques en relaci\u00f3 a l\u2019aigua, com ho s\u00f3n per exemple, la <em>Bassa del Portal<\/em>, la <em>Bassa del Pi<\/em>, <em>la Font<\/em>, <em>el Pou ve\u00efnal <\/em>o el <em>Torrent p\u00fablic<\/em>. Cal destacar que l\u2019urbanisme i el paisatge agrari actuals s\u00f3n el reflex d\u2019aquesta excel\u00b7lent pol\u00edtica de planificaci\u00f3 i organitzaci\u00f3 del territori desplegada i aplicada al llarg de l\u2019Edat Mitjana.<\/p>\n\n\n\n<p>La Font Vella va ser per excel\u00b7l\u00e8ncia i durant segles el principal punt d\u2019abastiment d\u2019aigua dels ve\u00efns i ve\u00efnes de la Palma fins que, el 1924, es constitu\u00ed la Societat d\u2019Aig\u00fces de la Palma d\u2019Ebre. D\u2019aquesta manera, comen\u00e7aven a quedar enrere aquells viatges que feien les dones amb el c\u00e0ntir al cap o b\u00e9 amb els rucs i les mules equipats amb argadells.<\/p>\n\n\n\n<p>Amb aquest projecte s\u2019aconseguia pujar l\u2019aigua de l\u2019Hort del Santpere fins als dip\u00f2sits del Castell, situats la zona m\u00e9s elevada del poble. Despr\u00e9s de comprar els terrenys de l\u2019hort del Santpere per 2000 pessetes, a tomb de poble s\u2019excav\u00e0 una rasa, coneguda com la <em>sanja<\/em>, que unia el Pou ve\u00efnal amb la s\u00ednia del Santpere. Tamb\u00e9 s\u2019hi constru\u00ed la caseta per protegir els motors i les bombes que pujaven l\u2019aigua al Castell amb la seua emblem\u00e0tica inscripci\u00f3 \u2018\u2019Aig\u00fces de la Palma d\u2019Ebre, any 1924.\u2019\u2019<\/p>\n\n\n\n<p>Un cop l\u2019aigua va arribar als dip\u00f2sits del Castell, en un primer moment els ve\u00efns nom\u00e9s podien abastir-se d\u2019aigua a trav\u00e9s d\u2019una aixeta situada placeta de l\u2019esgl\u00e9sia rom\u00e0nica i la font de la Pla\u00e7a Catalunya, abans del Portal. M\u00e9s endavant, es construirien noves fonts, tamb\u00e9 amb abeuradors pel bestiar, repartides en diversos punts poble per permetre\u2019n l\u2019acc\u00e9s a tothom. Aquestes fonts es van situar al carrer de Bassa del Pi (zona de l\u2019actual Pla\u00e7a Tarragona), a la Raval de la Torre (al costat de cal Pom), a la Raval de a Bisbal (davant de cal Rossendo), al carrer de la Bassa (cal Rosset) i al carrer dels Perxes (paret de cal Peret).<\/p>\n\n\n\n<p>Tot i que de la Societat d\u2019Aig\u00fces de la Palma ja se n\u2019ha parlat en diverses ocasions i n\u2019existeixen nombroses publicacions, resulta oport\u00fa reescriure\u2019n unes l\u00ednies per fer-ne un petit homenatge l\u2019any del seu centenari. L\u2019obra ja fa molts anys que ha quedat en des\u00fas, per\u00f2 aquesta va esdevenir un m\u00e8rit col\u00b7lectiu gr\u00e0cies a la implicaci\u00f3 de tothom i el treball a tomb de poble. Aquest va ser un primer de molts passos per garantir l\u2019acc\u00e9s a l\u2019aigua entre els ve\u00efns del poble.<\/p>\n\n\n\n<p class=\"ticss-37d974d4\">Oriol Vernet<\/p>\n","protected":false},"excerpt":{"rendered":"<p>La disponibilitat i l\u2019acc\u00e9s a l\u2019aigua ha estat, des de sempre, un element indispensable pel desenvolupament i prosperitat dels pobles. Des de temps antics, les persones que han habitat el nostre territori, se les han enginyat per buscar sistemes que permetessin l\u2019obtenci\u00f3 i l\u2019emmagatzematge de l\u2019aigua. En la documentaci\u00f3 feudal referent a la Palma trobem,&hellip;&nbsp;<a href=\"https:\/\/associaciolespona.cat\/reble\/cent-anys-de-la-fundacio-de-la-societat-daigues-de-la-palma-debre\/\" class=\"\" rel=\"bookmark\">Read More &raquo;<span class=\"screen-reader-text\">Cent anys de la fundaci\u00f3 de la Societat d\u2019Aig\u00fces de la Palma d\u2019Ebre<\/span><\/a><\/p>\n","protected":false},"author":2,"featured_media":322,"comment_status":"open","ping_status":"open","sticky":false,"template":"","format":"standard","meta":{"_themeisle_gutenberg_block_has_review":false,"footnotes":""},"categories":[1],"tags":[],"class_list":["post-321","post","type-post","status-publish","format-standard","has-post-thumbnail","hentry","category-general"],"aioseo_notices":[],"_links":{"self":[{"href":"https:\/\/associaciolespona.cat\/reble\/wp-json\/wp\/v2\/posts\/321"}],"collection":[{"href":"https:\/\/associaciolespona.cat\/reble\/wp-json\/wp\/v2\/posts"}],"about":[{"href":"https:\/\/associaciolespona.cat\/reble\/wp-json\/wp\/v2\/types\/post"}],"author":[{"embeddable":true,"href":"https:\/\/associaciolespona.cat\/reble\/wp-json\/wp\/v2\/users\/2"}],"replies":[{"embeddable":true,"href":"https:\/\/associaciolespona.cat\/reble\/wp-json\/wp\/v2\/comments?post=321"}],"version-history":[{"count":3,"href":"https:\/\/associaciolespona.cat\/reble\/wp-json\/wp\/v2\/posts\/321\/revisions"}],"predecessor-version":[{"id":326,"href":"https:\/\/associaciolespona.cat\/reble\/wp-json\/wp\/v2\/posts\/321\/revisions\/326"}],"wp:featuredmedia":[{"embeddable":true,"href":"https:\/\/associaciolespona.cat\/reble\/wp-json\/wp\/v2\/media\/322"}],"wp:attachment":[{"href":"https:\/\/associaciolespona.cat\/reble\/wp-json\/wp\/v2\/media?parent=321"}],"wp:term":[{"taxonomy":"category","embeddable":true,"href":"https:\/\/associaciolespona.cat\/reble\/wp-json\/wp\/v2\/categories?post=321"},{"taxonomy":"post_tag","embeddable":true,"href":"https:\/\/associaciolespona.cat\/reble\/wp-json\/wp\/v2\/tags?post=321"}],"curies":[{"name":"wp","href":"https:\/\/api.w.org\/{rel}","templated":true}]}}