{"id":153,"date":"2019-11-02T10:00:47","date_gmt":"2019-11-02T08:00:47","guid":{"rendered":"http:\/\/associaciolespona.cat\/reble\/?p=153"},"modified":"2019-11-24T18:45:42","modified_gmt":"2019-11-24T16:45:42","slug":"el-llibre-del-centenari-de-la-cooperativa-de-la-palma","status":"publish","type":"post","link":"https:\/\/associaciolespona.cat\/reble\/el-llibre-del-centenari-de-la-cooperativa-de-la-palma\/","title":{"rendered":"El llibre del centenari de la Cooperativa de la Palma"},"content":{"rendered":"\n<p>Ara far\u00e0 2 anys,\nen una reuni\u00f3 ordin\u00e0ria de la Junta de l\u2019Associaci\u00f3, es va posar damunt la\ntaula la possibilitat que, davant l\u2019esdeveniment del centenari de la\nCooperativa el 2019, es pogu\u00e9s treballar en un llibre que parl\u00e9s de la hist\u00f2ria\nde l\u2019entitat.<\/p>\n\n\n\n<p>Aprofundint una\nmica m\u00e9s en la idea i parlant de quins haurien de ser els primers passos, es va\nconsiderar que el primer que s\u2019havia de fer era buscar la complicitat de la\nJunta Rectora de la Cooperativa, ja que haur\u00edem de tindre possibilitat d\u2019acc\u00e9s\nal fons documental del seu arxiu, i que el segon que calia era seleccionar l\u2019equip\nd\u2019autors i autores que hi volguessin treballar.<\/p>\n\n\n\n<p>Presentat a la\nJunta Rectora en ple el projecte, vam aconseguir de seguida la seua complicitat\ni suport, i vam continuar amb el segon pas, que era el de buscar els autors. <\/p>\n\n\n\n<p>De la Junta de\nL\u2019Espona ja van sortir els tres primers: El Ricard Sas, el Ricard Boqu\u00e9 i jo\nmateix. Els seg\u00fcents que van acceptar formar part de l\u2019equip van ser l\u2019Antoni\nGalceran, en aquell moment tamb\u00e9 Secretari de la Junta Rectora de la\nCooperativa, i que ja havia participat com a autor en les dos anteriors\npublicacions de L\u2019Espona sobre la Palma; el Josep Llu\u00eds Filella, amb formaci\u00f3\nen Hist\u00f2ria i editor professional, i l\u2019Oriol Vernet, en aquell moment acabant\nel grau superior en Hist\u00f2ria i actualment cursant un M\u00e0ster de la mateixa\ndisciplina. Ja \u00e9rem sis. L\u2019equip es va tancar amb la incorporaci\u00f3 del Joan\nPardell, acabat de jubilar despr\u00e9s d\u2019haver estat m\u00e9s de vint anys gerent de\nl\u2019entitat. L\u2019equip va quedar definitivament en set. <\/p>\n\n\n\n<p>Ten\u00edem dos anys\nde temps. Buidatge d\u2019actes de les assemblees generals, consulta de mem\u00f2ries, de\ntancaments d\u2019exercici, revisi\u00f3 de projectes, entrevistes personals, busca d\u2019informaci\u00f3\ni documentaci\u00f3 en fons externes&#8230; La taula de reunions de la Junta Gestora a\nla Cooperativa ha esta fins ara la taula de treball, on s\u2019ha revisat, repassat\ni consensuat tots els textos. Quasi ja dos anys de feina molt interessant. <\/p>\n\n\n\n<p>Ara que estem\ntancant tots els cap\u00edtols, enviant el text a les darreres correccions i a punt\nde ser entregat a la impremta, ja podem dir quasi amb tota seguretat, que el\nllibre ser\u00e0 presentat tal com estava previst al local del Centre Cultural el\ndia de Nadal a la tarda, 100 anys despr\u00e9s, el mateix dia i la mateixa hora en\nqu\u00e8 l\u2019any 1919 la Cooperativa va ser presentada en p\u00fablic als socis, en un acte\nen qu\u00e8 s\u2019estrenava tamb\u00e9 el local del caf\u00e8, al primer pis del Sindicat.<\/p>\n\n\n\n<p>Estem fent un\nllibre que tothom voldr\u00e0 llegir. Un llibre que ajudar\u00e0 a fer cr\u00e9ixer el mantra\nque la Palma, el poble m\u00e9s petit de la Ribera, \u00e9s potser el que t\u00e9 m\u00e9s obra\npublicada sobre el seu esdevenir a la hist\u00f2ria, mantra que si no \u00e9s veritat en\ntermes absoluts, segur que ho \u00e9s en termes relatius. <\/p>\n\n\n\n<p style=\"text-align:left\">Francesc Filella Cubells<\/p>\n","protected":false},"excerpt":{"rendered":"<p>Ara far\u00e0 2 anys, en una reuni\u00f3 ordin\u00e0ria de la Junta de l\u2019Associaci\u00f3, es va posar damunt la taula la possibilitat que, davant l\u2019esdeveniment del centenari de la Cooperativa el 2019, es pogu\u00e9s treballar en un llibre que parl\u00e9s de la hist\u00f2ria de l\u2019entitat. Aprofundint una mica m\u00e9s en la idea i parlant de quins&hellip;&nbsp;<a href=\"https:\/\/associaciolespona.cat\/reble\/el-llibre-del-centenari-de-la-cooperativa-de-la-palma\/\" class=\"\" rel=\"bookmark\">Read More &raquo;<span class=\"screen-reader-text\">El llibre del centenari de la Cooperativa de la Palma<\/span><\/a><\/p>\n","protected":false},"author":1,"featured_media":155,"comment_status":"open","ping_status":"open","sticky":false,"template":"","format":"standard","meta":{"_themeisle_gutenberg_block_has_review":false,"footnotes":""},"categories":[1],"tags":[],"class_list":["post-153","post","type-post","status-publish","format-standard","has-post-thumbnail","hentry","category-general"],"aioseo_notices":[],"_links":{"self":[{"href":"https:\/\/associaciolespona.cat\/reble\/wp-json\/wp\/v2\/posts\/153"}],"collection":[{"href":"https:\/\/associaciolespona.cat\/reble\/wp-json\/wp\/v2\/posts"}],"about":[{"href":"https:\/\/associaciolespona.cat\/reble\/wp-json\/wp\/v2\/types\/post"}],"author":[{"embeddable":true,"href":"https:\/\/associaciolespona.cat\/reble\/wp-json\/wp\/v2\/users\/1"}],"replies":[{"embeddable":true,"href":"https:\/\/associaciolespona.cat\/reble\/wp-json\/wp\/v2\/comments?post=153"}],"version-history":[{"count":3,"href":"https:\/\/associaciolespona.cat\/reble\/wp-json\/wp\/v2\/posts\/153\/revisions"}],"predecessor-version":[{"id":157,"href":"https:\/\/associaciolespona.cat\/reble\/wp-json\/wp\/v2\/posts\/153\/revisions\/157"}],"wp:featuredmedia":[{"embeddable":true,"href":"https:\/\/associaciolespona.cat\/reble\/wp-json\/wp\/v2\/media\/155"}],"wp:attachment":[{"href":"https:\/\/associaciolespona.cat\/reble\/wp-json\/wp\/v2\/media?parent=153"}],"wp:term":[{"taxonomy":"category","embeddable":true,"href":"https:\/\/associaciolespona.cat\/reble\/wp-json\/wp\/v2\/categories?post=153"},{"taxonomy":"post_tag","embeddable":true,"href":"https:\/\/associaciolespona.cat\/reble\/wp-json\/wp\/v2\/tags?post=153"}],"curies":[{"name":"wp","href":"https:\/\/api.w.org\/{rel}","templated":true}]}}